{"tema_id":"69365","string":"PR\u00c1CTICAS ACAD\u00c9MICAS EN LA FISCAL\u00cdA GENERAL DE LA NACI\u00d3N","created":"2018-10-03 16:44:32","code":null,"modified":"2026-08-19 16:32:49"}