{"tema_id":"86493","string":"HOMICIDIO AGRAVADO POR LA SITUACI\u00d3N DE INDEFENSI\u00d3N DE LA V\u00cdCTIMA","created":"2026-08-31 13:59:32","code":null,"modified":"2026-08-31 16:18:26"}