{"@context":{"dc":"http:\/\/purl.org\/dc\/elements\/1.1\/","skos":"http:\/\/www.w3.org\/2004\/02\/skos\/core#","skos:broader":{"@type":"@id"},"skos:inScheme":{"@type":"@id"},"skos:related":{"@type":"@id"},"skos:narrower":{"@type":"@id"},"skos:hasTopConcept":{"@type":"@id"},"skos:topConceptOf":{"@type":"@id"}},"@id":"https:\/\/tesauro.ramajudicial.gov.co\/tematres3\/vocab\/?tema=86493","@type":"skos:Concept","skos:prefLabel":{"@language":"es","@value=":"HOMICIDIO AGRAVADO POR LA SITUACI\u00d3N DE INDEFENSI\u00d3N DE LA V\u00cdCTIMA"},"skos:inScheme":"https:\/\/tesauro.ramajudicial.gov.co\/tematres3\/vocab\/","dct:created":"2026-08-31 13:59:32","dct:modified":"2026-08-31 16:18:26","skos:broader":["https:\/\/tesauro.ramajudicial.gov.co\/tematres3\/vocab\/?tema=3840"],"skos:related":["https:\/\/tesauro.ramajudicial.gov.co\/tematres3\/vocab\/?tema=56295"]}